{"id":2274,"date":"2021-09-22T23:07:37","date_gmt":"2021-09-22T21:07:37","guid":{"rendered":"https:\/\/www.tc-eggstaett.de\/?p=2274"},"modified":"2021-09-22T23:07:58","modified_gmt":"2021-09-22T21:07:58","slug":"neue-clubmeister-beim-tce","status":"publish","type":"post","link":"https:\/\/www.tc-eggstaett.de\/?p=2274","title":{"rendered":"Neue Clubmeister beim TCE!"},"content":{"rendered":"\t\t<div data-elementor-type=\"wp-post\" data-elementor-id=\"2274\" class=\"elementor elementor-2274\">\n\t\t\t\t\t\t<section class=\"elementor-section elementor-top-section elementor-element elementor-element-aed25c0 elementor-section-boxed elementor-section-height-default elementor-section-height-default\" data-id=\"aed25c0\" data-element_type=\"section\" data-e-type=\"section\">\n\t\t\t\t\t\t<div class=\"elementor-container elementor-column-gap-default\">\n\t\t\t\t\t<div class=\"elementor-column elementor-col-100 elementor-top-column elementor-element elementor-element-3ba016f\" data-id=\"3ba016f\" data-element_type=\"column\" data-e-type=\"column\">\n\t\t\t<div class=\"elementor-widget-wrap elementor-element-populated\">\n\t\t\t\t\t\t<div class=\"elementor-element elementor-element-ae5a427 elementor-widget elementor-widget-image\" data-id=\"ae5a427\" data-element_type=\"widget\" data-e-type=\"widget\" data-widget_type=\"image.default\">\n\t\t\t\t<div class=\"elementor-widget-container\">\n\t\t\t\t\t\t\t\t\t\t\t\t<figure class=\"wp-caption\">\n\t\t\t\t\t\t\t\t\t\t\t<a href=\"http:\/\/www.tc-eggstaett.de\/wp-content\/uploads\/2021\/09\/Patrick-scaled.jpg\" data-elementor-open-lightbox=\"yes\" data-elementor-lightbox-title=\"Patrick\" data-e-action-hash=\"#elementor-action%3Aaction%3Dlightbox%26settings%3DeyJpZCI6MjI1MCwidXJsIjoiaHR0cHM6XC9cL3d3dy50Yy1lZ2dzdGFldHQuZGVcL3dwLWNvbnRlbnRcL3VwbG9hZHNcLzIwMjFcLzA5XC9QYXRyaWNrLXNjYWxlZC5qcGcifQ%3D%3D\">\n\t\t\t\t\t\t\t<img fetchpriority=\"high\" decoding=\"async\" width=\"800\" height=\"600\" src=\"https:\/\/www.tc-eggstaett.de\/wp-content\/uploads\/2021\/09\/Patrick-1024x768.jpg\" class=\"attachment-large size-large wp-image-2250\" alt=\"\" srcset=\"https:\/\/www.tc-eggstaett.de\/wp-content\/uploads\/2021\/09\/Patrick-1024x768.jpg 1024w, https:\/\/www.tc-eggstaett.de\/wp-content\/uploads\/2021\/09\/Patrick-300x225.jpg 300w, https:\/\/www.tc-eggstaett.de\/wp-content\/uploads\/2021\/09\/Patrick-768x576.jpg 768w, https:\/\/www.tc-eggstaett.de\/wp-content\/uploads\/2021\/09\/Patrick-1536x1152.jpg 1536w, https:\/\/www.tc-eggstaett.de\/wp-content\/uploads\/2021\/09\/Patrick-2048x1536.jpg 2048w\" sizes=\"(max-width: 800px) 100vw, 800px\" \/>\t\t\t\t\t\t\t\t<\/a>\n\t\t\t\t\t\t\t\t\t\t\t<figcaption class=\"widget-image-caption wp-caption-text\">Der neue Clubmeister in voller Action vor den Augen der interessierten Zuschauer<\/figcaption>\n\t\t\t\t\t\t\t\t\t\t<\/figure>\n\t\t\t\t\t\t\t\t\t<\/div>\n\t\t\t\t<\/div>\n\t\t\t\t\t<\/div>\n\t\t<\/div>\n\t\t\t\t\t<\/div>\n\t\t<\/section>\n\t\t\t\t<section class=\"elementor-section elementor-top-section elementor-element elementor-element-fc6dcb8 elementor-section-boxed elementor-section-height-default elementor-section-height-default\" data-id=\"fc6dcb8\" data-element_type=\"section\" data-e-type=\"section\">\n\t\t\t\t\t\t<div class=\"elementor-container elementor-column-gap-default\">\n\t\t\t\t\t<div class=\"elementor-column elementor-col-100 elementor-top-column elementor-element elementor-element-6c4db20\" data-id=\"6c4db20\" data-element_type=\"column\" data-e-type=\"column\">\n\t\t\t<div class=\"elementor-widget-wrap elementor-element-populated\">\n\t\t\t\t\t\t<div class=\"elementor-element elementor-element-d0fc128 elementor-widget elementor-widget-text-editor\" data-id=\"d0fc128\" data-element_type=\"widget\" data-e-type=\"widget\" data-widget_type=\"text-editor.default\">\n\t\t\t\t<div class=\"elementor-widget-container\">\n\t\t\t\t\t\t\t\t\t<div>Im September k\u00fcrte der TC Eggst\u00e4tt wieder seine allj\u00e4hrlichen Clubmeister. Dank der regen Teilnahme konnten in mehreren Disziplinen die jeweils Besten vor einer Vielzahl interessierter Clubmitglieder ausgespielt werden. So gab es neben den Herren auch Meisterschaften der Damen, der Senioren, der Jugend, und auch ein Doppelwettbewerb wurde sowohl bei den Damen als auch den Herren ausgespielt.<\/div><div>In der Herrenkonkurrenz setzten sich in den Gruppenspielen der Vorrunde Patrick Fanger, Christian Langl, Matthias Barhainski sowie Max Jaworek durch und bestritten die Halbfinale. Hier schaltete Matthias Barhainski den Vorjahresfinalisten und Vizeclubmeister in einer knappen Partie im Champions-Tiebreak des dritten Satzes aus, im zweiten Halbfinale hatte Max Jaworek das Nachsehen gegen den amtierenden Clubmeister Patrick Fanger.<\/div><div>Das Finale entschied Patrick Fanger dann klar mit 6:0 und 6:2 f\u00fcr sich und konnte damit erfolgreich seinen Titel verteidigen. Im Spiel um Platz 3 unterlag Max Jaworek in einem spannenden und hochklassigen Match seinem Kontrahenten Christian Langl.<\/div><div>Die Damen k\u00fcrten ihre Clubmeisterin wieder in einem \u201eFamilienduell\u201c. Hierbei konnte Renate Schaffer ihre Tochter\u00a0Steffi Schaffer-Barhainski in einer knappen Partie schlie\u00dflich im Champions-Tiebreak des\u00a0dritten Satzes bezwingen.<\/div><div>Bei den Senioren standen sich Michael Str\u00f6h, Andreas Fanger, Toni Lex und Manfred Schaffer in den Halbfinals gegen\u00fcber. Hier setzten sich Michael Str\u00f6h und Toni Lex klar durch und bestritten schlie\u00dflich das Finale. In einem langen und sehr hart umk\u00e4mpften Match, behielt Michael Str\u00f6h knapp die Oberhand und gewann den Champions-Tiebreak des dritten Satzes mit 10:7.<\/div><div>Im Doppelfinale der Herren bezwangen die beiden Einzelfinalisten Patrick Fanger und Matthias Barhainski das Doppel Mark Ebinger und Stefan Jaworek in zwei S\u00e4tzen und verteidigten damit ihren Titel erfolgreich. Im Spiel um Platz drei setzte sich das Doppel Christian Langl und Rainer von Maydell in einer sehr umk\u00e4mpften Partie gegen Christian Westermeier und Michael Murner im Champions-Tiebreak des dritten Satzes durch.<\/div><div>Das Damendoppel entschieden Beate Ki\u00dfner und Roswitha Sander gegen Renate Schaffer und Gudrun Murner f\u00fcr sich, ebenfalls in einer knappen und umk\u00e4mpften Partie.<\/div><div>Auch bei der Jugend konnte ein Meister gek\u00fcrt werden. Hier ging Gabriel Schr\u00f6der als Sieger aus den Begegnungen hervor, zweiter wurde Junis St\u00fctz, den dritten Platz belegten gemeinsam Valeska St\u00fctz, Eva Schr\u00f6der und Johannes Stocker.<\/div><div>Der TCE gratuliert allen Teilnehmern und insbesondere den Siegern ganz herzlich!<\/div>\t\t\t\t\t\t\t\t<\/div>\n\t\t\t\t<\/div>\n\t\t\t\t\t<\/div>\n\t\t<\/div>\n\t\t\t\t\t<\/div>\n\t\t<\/section>\n\t\t\t\t<section class=\"elementor-section elementor-top-section elementor-element elementor-element-e6a792b elementor-section-boxed elementor-section-height-default elementor-section-height-default\" data-id=\"e6a792b\" data-element_type=\"section\" data-e-type=\"section\">\n\t\t\t\t\t\t<div class=\"elementor-container elementor-column-gap-default\">\n\t\t\t\t\t<div class=\"elementor-column elementor-col-100 elementor-top-column elementor-element elementor-element-1ec7ee5\" data-id=\"1ec7ee5\" data-element_type=\"column\" data-e-type=\"column\">\n\t\t\t<div class=\"elementor-widget-wrap elementor-element-populated\">\n\t\t\t\t\t\t<section class=\"elementor-section elementor-inner-section elementor-element elementor-element-b123109 elementor-section-boxed elementor-section-height-default elementor-section-height-default\" data-id=\"b123109\" data-element_type=\"section\" data-e-type=\"section\">\n\t\t\t\t\t\t<div class=\"elementor-container elementor-column-gap-default\">\n\t\t\t\t\t<div class=\"elementor-column elementor-col-25 elementor-inner-column elementor-element elementor-element-0438695\" data-id=\"0438695\" data-element_type=\"column\" data-e-type=\"column\">\n\t\t\t<div class=\"elementor-widget-wrap elementor-element-populated\">\n\t\t\t\t\t\t<div class=\"elementor-element elementor-element-cd48c65 elementor-widget elementor-widget-image\" data-id=\"cd48c65\" data-element_type=\"widget\" data-e-type=\"widget\" data-widget_type=\"image.default\">\n\t\t\t\t<div class=\"elementor-widget-container\">\n\t\t\t\t\t\t\t\t\t\t\t\t<figure class=\"wp-caption\">\n\t\t\t\t\t\t\t\t\t\t\t<a href=\"http:\/\/www.tc-eggstaett.de\/wp-content\/uploads\/2021\/09\/Herren-scaled.jpg\" data-elementor-open-lightbox=\"yes\" data-elementor-lightbox-title=\"Herren\" data-e-action-hash=\"#elementor-action%3Aaction%3Dlightbox%26settings%3DeyJpZCI6MjI1NCwidXJsIjoiaHR0cHM6XC9cL3d3dy50Yy1lZ2dzdGFldHQuZGVcL3dwLWNvbnRlbnRcL3VwbG9hZHNcLzIwMjFcLzA5XC9IZXJyZW4tc2NhbGVkLmpwZyJ9\">\n\t\t\t\t\t\t\t<img decoding=\"async\" width=\"768\" height=\"1024\" src=\"https:\/\/www.tc-eggstaett.de\/wp-content\/uploads\/2021\/09\/Herren-768x1024.jpg\" class=\"attachment-large size-large wp-image-2254\" alt=\"\" srcset=\"https:\/\/www.tc-eggstaett.de\/wp-content\/uploads\/2021\/09\/Herren-768x1024.jpg 768w, https:\/\/www.tc-eggstaett.de\/wp-content\/uploads\/2021\/09\/Herren-225x300.jpg 225w, https:\/\/www.tc-eggstaett.de\/wp-content\/uploads\/2021\/09\/Herren-1152x1536.jpg 1152w, https:\/\/www.tc-eggstaett.de\/wp-content\/uploads\/2021\/09\/Herren-1536x2048.jpg 1536w, https:\/\/www.tc-eggstaett.de\/wp-content\/uploads\/2021\/09\/Herren-scaled.jpg 1920w\" sizes=\"(max-width: 768px) 100vw, 768px\" \/>\t\t\t\t\t\t\t\t<\/a>\n\t\t\t\t\t\t\t\t\t\t\t<figcaption class=\"widget-image-caption wp-caption-text\">Clubmeister Patrick Fanger (li.) mit Vizemeister Matthias Barhainski<\/figcaption>\n\t\t\t\t\t\t\t\t\t\t<\/figure>\n\t\t\t\t\t\t\t\t\t<\/div>\n\t\t\t\t<\/div>\n\t\t\t\t\t<\/div>\n\t\t<\/div>\n\t\t\t\t<div class=\"elementor-column elementor-col-25 elementor-inner-column elementor-element elementor-element-ca9b3ca\" data-id=\"ca9b3ca\" data-element_type=\"column\" data-e-type=\"column\">\n\t\t\t<div class=\"elementor-widget-wrap elementor-element-populated\">\n\t\t\t\t\t\t<div class=\"elementor-element elementor-element-64bb29f elementor-widget elementor-widget-image\" data-id=\"64bb29f\" data-element_type=\"widget\" data-e-type=\"widget\" data-widget_type=\"image.default\">\n\t\t\t\t<div class=\"elementor-widget-container\">\n\t\t\t\t\t\t\t\t\t\t\t\t<figure class=\"wp-caption\">\n\t\t\t\t\t\t\t\t\t\t\t<a href=\"http:\/\/www.tc-eggstaett.de\/wp-content\/uploads\/2021\/09\/Herren-Pl.-3-scaled.jpg\" data-elementor-open-lightbox=\"yes\" data-elementor-lightbox-title=\"Herren Pl. 3\" data-e-action-hash=\"#elementor-action%3Aaction%3Dlightbox%26settings%3DeyJpZCI6MjI1NSwidXJsIjoiaHR0cHM6XC9cL3d3dy50Yy1lZ2dzdGFldHQuZGVcL3dwLWNvbnRlbnRcL3VwbG9hZHNcLzIwMjFcLzA5XC9IZXJyZW4tUGwuLTMtc2NhbGVkLmpwZyJ9\">\n\t\t\t\t\t\t\t<img decoding=\"async\" width=\"768\" height=\"1024\" src=\"https:\/\/www.tc-eggstaett.de\/wp-content\/uploads\/2021\/09\/Herren-Pl.-3-768x1024.jpg\" class=\"attachment-large size-large wp-image-2255\" alt=\"\" srcset=\"https:\/\/www.tc-eggstaett.de\/wp-content\/uploads\/2021\/09\/Herren-Pl.-3-768x1024.jpg 768w, https:\/\/www.tc-eggstaett.de\/wp-content\/uploads\/2021\/09\/Herren-Pl.-3-225x300.jpg 225w, https:\/\/www.tc-eggstaett.de\/wp-content\/uploads\/2021\/09\/Herren-Pl.-3-1152x1536.jpg 1152w, https:\/\/www.tc-eggstaett.de\/wp-content\/uploads\/2021\/09\/Herren-Pl.-3-1536x2048.jpg 1536w, https:\/\/www.tc-eggstaett.de\/wp-content\/uploads\/2021\/09\/Herren-Pl.-3-scaled.jpg 1920w\" sizes=\"(max-width: 768px) 100vw, 768px\" \/>\t\t\t\t\t\t\t\t<\/a>\n\t\t\t\t\t\t\t\t\t\t\t<figcaption class=\"widget-image-caption wp-caption-text\">Dritter Christian Langl (li.) mit Max Jaworek<\/figcaption>\n\t\t\t\t\t\t\t\t\t\t<\/figure>\n\t\t\t\t\t\t\t\t\t<\/div>\n\t\t\t\t<\/div>\n\t\t\t\t\t<\/div>\n\t\t<\/div>\n\t\t\t\t<div class=\"elementor-column elementor-col-25 elementor-inner-column elementor-element elementor-element-2e63db3\" data-id=\"2e63db3\" data-element_type=\"column\" data-e-type=\"column\">\n\t\t\t<div class=\"elementor-widget-wrap elementor-element-populated\">\n\t\t\t\t\t\t<div class=\"elementor-element elementor-element-c64cce9 elementor-widget elementor-widget-image\" data-id=\"c64cce9\" data-element_type=\"widget\" data-e-type=\"widget\" data-widget_type=\"image.default\">\n\t\t\t\t<div class=\"elementor-widget-container\">\n\t\t\t\t\t\t\t\t\t\t\t\t<figure class=\"wp-caption\">\n\t\t\t\t\t\t\t\t\t\t\t<a href=\"http:\/\/www.tc-eggstaett.de\/wp-content\/uploads\/2021\/09\/Doppel.jpg\" data-elementor-open-lightbox=\"yes\" data-elementor-lightbox-title=\"Doppel\" data-e-action-hash=\"#elementor-action%3Aaction%3Dlightbox%26settings%3DeyJpZCI6MjI1NiwidXJsIjoiaHR0cHM6XC9cL3d3dy50Yy1lZ2dzdGFldHQuZGVcL3dwLWNvbnRlbnRcL3VwbG9hZHNcLzIwMjFcLzA5XC9Eb3BwZWwuanBnIn0%3D\">\n\t\t\t\t\t\t\t<img loading=\"lazy\" decoding=\"async\" width=\"768\" height=\"1024\" src=\"https:\/\/www.tc-eggstaett.de\/wp-content\/uploads\/2021\/09\/Doppel-768x1024.jpg\" class=\"attachment-large size-large wp-image-2256\" alt=\"\" srcset=\"https:\/\/www.tc-eggstaett.de\/wp-content\/uploads\/2021\/09\/Doppel-768x1024.jpg 768w, https:\/\/www.tc-eggstaett.de\/wp-content\/uploads\/2021\/09\/Doppel-225x300.jpg 225w, https:\/\/www.tc-eggstaett.de\/wp-content\/uploads\/2021\/09\/Doppel-1152x1536.jpg 1152w, https:\/\/www.tc-eggstaett.de\/wp-content\/uploads\/2021\/09\/Doppel.jpg 1200w\" sizes=\"(max-width: 768px) 100vw, 768px\" \/>\t\t\t\t\t\t\t\t<\/a>\n\t\t\t\t\t\t\t\t\t\t\t<figcaption class=\"widget-image-caption wp-caption-text\">Siegerdoppel Patrick Fanger\/Matthias Barhainski mit Mark Ebinger\/Stefan Jaworek (re.)<\/figcaption>\n\t\t\t\t\t\t\t\t\t\t<\/figure>\n\t\t\t\t\t\t\t\t\t<\/div>\n\t\t\t\t<\/div>\n\t\t\t\t\t<\/div>\n\t\t<\/div>\n\t\t\t\t<div class=\"elementor-column elementor-col-25 elementor-inner-column elementor-element elementor-element-b5af2c0\" data-id=\"b5af2c0\" data-element_type=\"column\" data-e-type=\"column\">\n\t\t\t<div class=\"elementor-widget-wrap elementor-element-populated\">\n\t\t\t\t\t\t<div class=\"elementor-element elementor-element-949a61e elementor-widget elementor-widget-image\" data-id=\"949a61e\" data-element_type=\"widget\" data-e-type=\"widget\" data-widget_type=\"image.default\">\n\t\t\t\t<div class=\"elementor-widget-container\">\n\t\t\t\t\t\t\t\t\t\t\t\t<figure class=\"wp-caption\">\n\t\t\t\t\t\t\t\t\t\t\t<a href=\"http:\/\/www.tc-eggstaett.de\/wp-content\/uploads\/2021\/09\/Doppel-3.jpg\" data-elementor-open-lightbox=\"yes\" data-elementor-lightbox-title=\"Doppel 3\" data-e-action-hash=\"#elementor-action%3Aaction%3Dlightbox%26settings%3DeyJpZCI6MjI1NywidXJsIjoiaHR0cHM6XC9cL3d3dy50Yy1lZ2dzdGFldHQuZGVcL3dwLWNvbnRlbnRcL3VwbG9hZHNcLzIwMjFcLzA5XC9Eb3BwZWwtMy5qcGcifQ%3D%3D\">\n\t\t\t\t\t\t\t<img loading=\"lazy\" decoding=\"async\" width=\"768\" height=\"1024\" src=\"https:\/\/www.tc-eggstaett.de\/wp-content\/uploads\/2021\/09\/Doppel-3-768x1024.jpg\" class=\"attachment-large size-large wp-image-2257\" alt=\"\" srcset=\"https:\/\/www.tc-eggstaett.de\/wp-content\/uploads\/2021\/09\/Doppel-3-768x1024.jpg 768w, https:\/\/www.tc-eggstaett.de\/wp-content\/uploads\/2021\/09\/Doppel-3-225x300.jpg 225w, https:\/\/www.tc-eggstaett.de\/wp-content\/uploads\/2021\/09\/Doppel-3-1152x1536.jpg 1152w, https:\/\/www.tc-eggstaett.de\/wp-content\/uploads\/2021\/09\/Doppel-3.jpg 1500w\" sizes=\"(max-width: 768px) 100vw, 768px\" \/>\t\t\t\t\t\t\t\t<\/a>\n\t\t\t\t\t\t\t\t\t\t\t<figcaption class=\"widget-image-caption wp-caption-text\">drittplatziertes Doppel Christian Langl\/Rainer v. Maydell (re.) mit Michael Murner\/Christian Westermeier<\/figcaption>\n\t\t\t\t\t\t\t\t\t\t<\/figure>\n\t\t\t\t\t\t\t\t\t<\/div>\n\t\t\t\t<\/div>\n\t\t\t\t\t<\/div>\n\t\t<\/div>\n\t\t\t\t\t<\/div>\n\t\t<\/section>\n\t\t\t\t\t<\/div>\n\t\t<\/div>\n\t\t\t\t\t<\/div>\n\t\t<\/section>\n\t\t\t\t<section class=\"elementor-section elementor-top-section elementor-element elementor-element-c536b2b elementor-section-boxed elementor-section-height-default elementor-section-height-default\" data-id=\"c536b2b\" data-element_type=\"section\" data-e-type=\"section\">\n\t\t\t\t\t\t<div class=\"elementor-container elementor-column-gap-default\">\n\t\t\t\t\t<div class=\"elementor-column elementor-col-100 elementor-top-column elementor-element elementor-element-3bd418a\" data-id=\"3bd418a\" data-element_type=\"column\" data-e-type=\"column\">\n\t\t\t<div class=\"elementor-widget-wrap elementor-element-populated\">\n\t\t\t\t\t\t<section class=\"elementor-section elementor-inner-section elementor-element elementor-element-d3694a5 elementor-section-boxed elementor-section-height-default elementor-section-height-default\" data-id=\"d3694a5\" data-element_type=\"section\" data-e-type=\"section\">\n\t\t\t\t\t\t<div class=\"elementor-container elementor-column-gap-default\">\n\t\t\t\t\t<div class=\"elementor-column elementor-col-25 elementor-inner-column elementor-element elementor-element-8b242cc\" data-id=\"8b242cc\" data-element_type=\"column\" data-e-type=\"column\">\n\t\t\t<div class=\"elementor-widget-wrap elementor-element-populated\">\n\t\t\t\t\t\t<div class=\"elementor-element elementor-element-fa802de elementor-widget elementor-widget-image\" data-id=\"fa802de\" data-element_type=\"widget\" data-e-type=\"widget\" data-widget_type=\"image.default\">\n\t\t\t\t<div class=\"elementor-widget-container\">\n\t\t\t\t\t\t\t\t\t\t\t\t<figure class=\"wp-caption\">\n\t\t\t\t\t\t\t\t\t\t\t<a href=\"http:\/\/www.tc-eggstaett.de\/wp-content\/uploads\/2021\/09\/Damen-rotated.jpg\" data-elementor-open-lightbox=\"yes\" data-elementor-lightbox-title=\"Damen\" data-e-action-hash=\"#elementor-action%3Aaction%3Dlightbox%26settings%3DeyJpZCI6MjI1OCwidXJsIjoiaHR0cHM6XC9cL3d3dy50Yy1lZ2dzdGFldHQuZGVcL3dwLWNvbnRlbnRcL3VwbG9hZHNcLzIwMjFcLzA5XC9EYW1lbi1yb3RhdGVkLmpwZyJ9\">\n\t\t\t\t\t\t\t<img loading=\"lazy\" decoding=\"async\" width=\"768\" height=\"1024\" src=\"https:\/\/www.tc-eggstaett.de\/wp-content\/uploads\/2021\/09\/Damen-768x1024.jpg\" class=\"attachment-large size-large wp-image-2258\" alt=\"\" srcset=\"https:\/\/www.tc-eggstaett.de\/wp-content\/uploads\/2021\/09\/Damen-768x1024.jpg 768w, https:\/\/www.tc-eggstaett.de\/wp-content\/uploads\/2021\/09\/Damen-225x300.jpg 225w, https:\/\/www.tc-eggstaett.de\/wp-content\/uploads\/2021\/09\/Damen-1152x1536.jpg 1152w, https:\/\/www.tc-eggstaett.de\/wp-content\/uploads\/2021\/09\/Damen-rotated.jpg 1512w\" sizes=\"(max-width: 768px) 100vw, 768px\" \/>\t\t\t\t\t\t\t\t<\/a>\n\t\t\t\t\t\t\t\t\t\t\t<figcaption class=\"widget-image-caption wp-caption-text\">Clubmeisterin Renate Schaffer (li.) mit Vizemeisterin Steffi Schaffer-Barhainski<\/figcaption>\n\t\t\t\t\t\t\t\t\t\t<\/figure>\n\t\t\t\t\t\t\t\t\t<\/div>\n\t\t\t\t<\/div>\n\t\t\t\t\t<\/div>\n\t\t<\/div>\n\t\t\t\t<div class=\"elementor-column elementor-col-25 elementor-inner-column elementor-element elementor-element-66844cd\" data-id=\"66844cd\" data-element_type=\"column\" data-e-type=\"column\">\n\t\t\t<div class=\"elementor-widget-wrap elementor-element-populated\">\n\t\t\t\t\t\t<div class=\"elementor-element elementor-element-fc1a48a elementor-widget elementor-widget-image\" data-id=\"fc1a48a\" data-element_type=\"widget\" data-e-type=\"widget\" data-widget_type=\"image.default\">\n\t\t\t\t<div class=\"elementor-widget-container\">\n\t\t\t\t\t\t\t\t\t\t\t\t<figure class=\"wp-caption\">\n\t\t\t\t\t\t\t\t\t\t\t<a href=\"http:\/\/www.tc-eggstaett.de\/wp-content\/uploads\/2021\/09\/Damen-Doppel-2.jpg\" data-elementor-open-lightbox=\"yes\" data-elementor-lightbox-title=\"Damen Doppel 2\" data-e-action-hash=\"#elementor-action%3Aaction%3Dlightbox%26settings%3DeyJpZCI6MjI2MCwidXJsIjoiaHR0cHM6XC9cL3d3dy50Yy1lZ2dzdGFldHQuZGVcL3dwLWNvbnRlbnRcL3VwbG9hZHNcLzIwMjFcLzA5XC9EYW1lbi1Eb3BwZWwtMi5qcGcifQ%3D%3D\">\n\t\t\t\t\t\t\t<img loading=\"lazy\" decoding=\"async\" width=\"768\" height=\"1024\" src=\"https:\/\/www.tc-eggstaett.de\/wp-content\/uploads\/2021\/09\/Damen-Doppel-2-768x1024.jpg\" class=\"attachment-large size-large wp-image-2260\" alt=\"\" srcset=\"https:\/\/www.tc-eggstaett.de\/wp-content\/uploads\/2021\/09\/Damen-Doppel-2-768x1024.jpg 768w, https:\/\/www.tc-eggstaett.de\/wp-content\/uploads\/2021\/09\/Damen-Doppel-2-225x300.jpg 225w, https:\/\/www.tc-eggstaett.de\/wp-content\/uploads\/2021\/09\/Damen-Doppel-2-1152x1536.jpg 1152w, https:\/\/www.tc-eggstaett.de\/wp-content\/uploads\/2021\/09\/Damen-Doppel-2.jpg 1200w\" sizes=\"(max-width: 768px) 100vw, 768px\" \/>\t\t\t\t\t\t\t\t<\/a>\n\t\t\t\t\t\t\t\t\t\t\t<figcaption class=\"widget-image-caption wp-caption-text\">Siegerdoppel Roswitha Sander\/Beate Ki\u00dfner (re.) mit Gudrun Murner\/Renate Schaffer<\/figcaption>\n\t\t\t\t\t\t\t\t\t\t<\/figure>\n\t\t\t\t\t\t\t\t\t<\/div>\n\t\t\t\t<\/div>\n\t\t\t\t\t<\/div>\n\t\t<\/div>\n\t\t\t\t<div class=\"elementor-column elementor-col-25 elementor-inner-column elementor-element elementor-element-682a5b0\" data-id=\"682a5b0\" data-element_type=\"column\" data-e-type=\"column\">\n\t\t\t<div class=\"elementor-widget-wrap elementor-element-populated\">\n\t\t\t\t\t\t<div class=\"elementor-element elementor-element-423fee7 elementor-widget elementor-widget-image\" data-id=\"423fee7\" data-element_type=\"widget\" data-e-type=\"widget\" data-widget_type=\"image.default\">\n\t\t\t\t<div class=\"elementor-widget-container\">\n\t\t\t\t\t\t\t\t\t\t\t\t<figure class=\"wp-caption\">\n\t\t\t\t\t\t\t\t\t\t\t<a href=\"http:\/\/www.tc-eggstaett.de\/wp-content\/uploads\/2021\/09\/Herren-60-scaled.jpg\" data-elementor-open-lightbox=\"yes\" data-elementor-lightbox-title=\"Herren 60\" data-e-action-hash=\"#elementor-action%3Aaction%3Dlightbox%26settings%3DeyJpZCI6MjI2MSwidXJsIjoiaHR0cHM6XC9cL3d3dy50Yy1lZ2dzdGFldHQuZGVcL3dwLWNvbnRlbnRcL3VwbG9hZHNcLzIwMjFcLzA5XC9IZXJyZW4tNjAtc2NhbGVkLmpwZyJ9\">\n\t\t\t\t\t\t\t<img loading=\"lazy\" decoding=\"async\" width=\"800\" height=\"600\" src=\"https:\/\/www.tc-eggstaett.de\/wp-content\/uploads\/2021\/09\/Herren-60-1024x768.jpg\" class=\"attachment-large size-large wp-image-2261\" alt=\"\" srcset=\"https:\/\/www.tc-eggstaett.de\/wp-content\/uploads\/2021\/09\/Herren-60-1024x768.jpg 1024w, https:\/\/www.tc-eggstaett.de\/wp-content\/uploads\/2021\/09\/Herren-60-300x225.jpg 300w, https:\/\/www.tc-eggstaett.de\/wp-content\/uploads\/2021\/09\/Herren-60-768x576.jpg 768w, https:\/\/www.tc-eggstaett.de\/wp-content\/uploads\/2021\/09\/Herren-60-1536x1152.jpg 1536w, https:\/\/www.tc-eggstaett.de\/wp-content\/uploads\/2021\/09\/Herren-60-2048x1536.jpg 2048w\" sizes=\"(max-width: 800px) 100vw, 800px\" \/>\t\t\t\t\t\t\t\t<\/a>\n\t\t\t\t\t\t\t\t\t\t\t<figcaption class=\"widget-image-caption wp-caption-text\">Senioren Clubmeister Michael Str\u00f6h (re.) mit Vizemeister Toni Lex<\/figcaption>\n\t\t\t\t\t\t\t\t\t\t<\/figure>\n\t\t\t\t\t\t\t\t\t<\/div>\n\t\t\t\t<\/div>\n\t\t\t\t\t<\/div>\n\t\t<\/div>\n\t\t\t\t<div class=\"elementor-column elementor-col-25 elementor-inner-column elementor-element elementor-element-6193fc7\" data-id=\"6193fc7\" data-element_type=\"column\" data-e-type=\"column\">\n\t\t\t<div class=\"elementor-widget-wrap elementor-element-populated\">\n\t\t\t\t\t\t<div class=\"elementor-element elementor-element-5b2f283 elementor-widget elementor-widget-image\" data-id=\"5b2f283\" data-element_type=\"widget\" data-e-type=\"widget\" data-widget_type=\"image.default\">\n\t\t\t\t<div class=\"elementor-widget-container\">\n\t\t\t\t\t\t\t\t\t\t\t\t<figure class=\"wp-caption\">\n\t\t\t\t\t\t\t\t\t\t\t<a href=\"http:\/\/www.tc-eggstaett.de\/wp-content\/uploads\/2021\/09\/Jugend.jpg\" data-elementor-open-lightbox=\"yes\" data-elementor-lightbox-title=\"Jugend\" data-e-action-hash=\"#elementor-action%3Aaction%3Dlightbox%26settings%3DeyJpZCI6MjI2MiwidXJsIjoiaHR0cHM6XC9cL3d3dy50Yy1lZ2dzdGFldHQuZGVcL3dwLWNvbnRlbnRcL3VwbG9hZHNcLzIwMjFcLzA5XC9KdWdlbmQuanBnIn0%3D\">\n\t\t\t\t\t\t\t<img loading=\"lazy\" decoding=\"async\" width=\"800\" height=\"600\" src=\"https:\/\/www.tc-eggstaett.de\/wp-content\/uploads\/2021\/09\/Jugend-1024x768.jpg\" class=\"attachment-large size-large wp-image-2262\" alt=\"\" srcset=\"https:\/\/www.tc-eggstaett.de\/wp-content\/uploads\/2021\/09\/Jugend-1024x768.jpg 1024w, https:\/\/www.tc-eggstaett.de\/wp-content\/uploads\/2021\/09\/Jugend-300x225.jpg 300w, https:\/\/www.tc-eggstaett.de\/wp-content\/uploads\/2021\/09\/Jugend-768x576.jpg 768w, https:\/\/www.tc-eggstaett.de\/wp-content\/uploads\/2021\/09\/Jugend-1536x1152.jpg 1536w, https:\/\/www.tc-eggstaett.de\/wp-content\/uploads\/2021\/09\/Jugend.jpg 2016w\" sizes=\"(max-width: 800px) 100vw, 800px\" \/>\t\t\t\t\t\t\t\t<\/a>\n\t\t\t\t\t\t\t\t\t\t\t<figcaption class=\"widget-image-caption wp-caption-text\">Jugend Clubmeister Gabriel Schr\u00f6der (mitte) mit den Platzierten Valeska St\u00fctz, Junis St\u00fctz, Johannes Stockker, Eva Schr\u00f6der (v.l.)<\/figcaption>\n\t\t\t\t\t\t\t\t\t\t<\/figure>\n\t\t\t\t\t\t\t\t\t<\/div>\n\t\t\t\t<\/div>\n\t\t\t\t\t<\/div>\n\t\t<\/div>\n\t\t\t\t\t<\/div>\n\t\t<\/section>\n\t\t\t\t\t<\/div>\n\t\t<\/div>\n\t\t\t\t\t<\/div>\n\t\t<\/section>\n\t\t\t\t<\/div>\n\t\t","protected":false},"excerpt":{"rendered":"<p>Der neue Clubmeister in voller Action vor den Augen der interessierten Zuschauer Im September k\u00fcrte der TC Eggst\u00e4tt wieder seine allj\u00e4hrlichen Clubmeister. Dank der regen Teilnahme konnten in mehreren Disziplinen die jeweils Besten vor einer Vielzahl interessierter Clubmitglieder ausgespielt werden. So gab es neben den Herren auch Meisterschaften der Damen, der Senioren, der Jugend, und [&hellip;]<\/p>\n","protected":false},"author":1,"featured_media":0,"comment_status":"open","ping_status":"closed","sticky":false,"template":"","format":"standard","meta":{"footnotes":""},"categories":[1],"tags":[],"class_list":["post-2274","post","type-post","status-publish","format-standard","hentry","category-allgemein"],"_links":{"self":[{"href":"https:\/\/www.tc-eggstaett.de\/index.php?rest_route=\/wp\/v2\/posts\/2274","targetHints":{"allow":["GET"]}}],"collection":[{"href":"https:\/\/www.tc-eggstaett.de\/index.php?rest_route=\/wp\/v2\/posts"}],"about":[{"href":"https:\/\/www.tc-eggstaett.de\/index.php?rest_route=\/wp\/v2\/types\/post"}],"author":[{"embeddable":true,"href":"https:\/\/www.tc-eggstaett.de\/index.php?rest_route=\/wp\/v2\/users\/1"}],"replies":[{"embeddable":true,"href":"https:\/\/www.tc-eggstaett.de\/index.php?rest_route=%2Fwp%2Fv2%2Fcomments&post=2274"}],"version-history":[{"count":4,"href":"https:\/\/www.tc-eggstaett.de\/index.php?rest_route=\/wp\/v2\/posts\/2274\/revisions"}],"predecessor-version":[{"id":2278,"href":"https:\/\/www.tc-eggstaett.de\/index.php?rest_route=\/wp\/v2\/posts\/2274\/revisions\/2278"}],"wp:attachment":[{"href":"https:\/\/www.tc-eggstaett.de\/index.php?rest_route=%2Fwp%2Fv2%2Fmedia&parent=2274"}],"wp:term":[{"taxonomy":"category","embeddable":true,"href":"https:\/\/www.tc-eggstaett.de\/index.php?rest_route=%2Fwp%2Fv2%2Fcategories&post=2274"},{"taxonomy":"post_tag","embeddable":true,"href":"https:\/\/www.tc-eggstaett.de\/index.php?rest_route=%2Fwp%2Fv2%2Ftags&post=2274"}],"curies":[{"name":"wp","href":"https:\/\/api.w.org\/{rel}","templated":true}]}}